{"id":14995,"date":"2024-01-15T14:54:28","date_gmt":"2024-01-15T14:54:28","guid":{"rendered":"https:\/\/coneo.rs\/blog\/uncategorized-sr\/januar-2024-vasa-referenca-za-poreske-vesti-u-srbiji\/"},"modified":"2025-07-11T11:40:32","modified_gmt":"2025-07-11T11:40:32","slug":"januar-2024-vasa-referenca-za-poreske-vesti-u-srbiji","status":"publish","type":"post","link":"https:\/\/coneo.rs\/sr\/januar-2024-vasa-referenca-za-poreske-vesti-u-srbiji\/","title":{"rendered":"Januar 2024: Va\u0161a referenca za poreske vesti u Srbiji"},"content":{"rendered":"<p>Po\u010dev od maja 2018. godine, Confida Serbia kreira mese\u010dni bilten sa ciljem objavljivanja klju\u010dnih poreskih vesti.<!--more--> Na\u0161 poreski bilten pru\u017ea uvid u relevantne teme vezane za poresku regulativu i poreske vesti u Srbiji \u2013 kako domac\u0301im tako i me\u0111unarodnim preduzetnicima i kompanijama.<\/p>\n<p>Ne propustite izdanje za januar i budite u toku sa najnovijim poreskim vestima iz Srbije.<\/p>\n\n<div data-wp-interactive=\"core\/file\" class=\"wp-block-file\"><object data-wp-bind--hidden=\"!state.hasPdfPreview\" hidden class=\"wp-block-file__embed\" data=\"https:\/\/coneo.rs\/wp-content\/uploads\/2024\/01\/ENGLISH_rs_January_24.pdf\" type=\"application\/pdf\" style=\"width:100%;height:600px\" aria-label=\"\u0423\u0433\u043d\u0435\u0437\u0434\u0438\u0442\u0438 ENGLISH_rs_January_24.\"><\/object><a id=\"wp-block-file--media-f48b8a4a-09c7-4ee9-ac70-3810a0f24a1e\" href=\"https:\/\/coneo.rs\/wp-content\/uploads\/2024\/01\/ENGLISH_rs_January_24.pdf\">ENGLISH_rs_January_24<\/a><a href=\"https:\/\/coneo.rs\/wp-content\/uploads\/2024\/01\/ENGLISH_rs_January_24.pdf\" class=\"wp-block-file__button wp-element-button\" download=\"\" aria-describedby=\"wp-block-file--media-f48b8a4a-09c7-4ee9-ac70-3810a0f24a1e\">Preuzmi<\/a><\/div>\n\n<p><\/p>\n","protected":false},"excerpt":{"rendered":"<p>Po\u010dev od maja 2018. godine, Confida Serbia kreira mese\u010dni bilten sa ciljem objavljivanja klju\u010dnih poreskih vesti.<\/p>\n","protected":false},"author":1,"featured_media":11947,"comment_status":"closed","ping_status":"open","sticky":false,"template":"","format":"standard","meta":{"_eb_attr":"","footnotes":""},"categories":[112],"tags":[],"class_list":["post-14995","post","type-post","status-publish","format-standard","has-post-thumbnail","hentry","category-newsletter-sr"],"yoast_head":"<!-- This site is optimized with the Yoast SEO plugin v27.5 - https:\/\/yoast.com\/product\/yoast-seo-wordpress\/ -->\n<title>Januar 2024: Va\u0161a referenca za poreske vesti u Srbiji - Coneo<\/title>\n<meta name=\"description\" content=\"CONFIDA Serbia&#039;s latest Newsletter edition for September provides a roundup of relevant tax regulations and tax developments in Serbia.\" \/>\n<meta name=\"robots\" content=\"index, follow, max-snippet:-1, max-image-preview:large, max-video-preview:-1\" \/>\n<link rel=\"canonical\" href=\"https:\/\/coneo.rs\/sr\/januar-2024-vasa-referenca-za-poreske-vesti-u-srbiji\/\" \/>\n<meta property=\"og:locale\" content=\"sr_RS\" \/>\n<meta property=\"og:type\" content=\"article\" \/>\n<meta property=\"og:title\" content=\"Januar 2024: Va\u0161a referenca za poreske vesti u Srbiji - Coneo\" \/>\n<meta property=\"og:description\" content=\"CONFIDA Serbia&#039;s latest Newsletter edition for September provides a roundup of relevant tax regulations and tax developments in Serbia.\" \/>\n<meta property=\"og:url\" content=\"https:\/\/coneo.rs\/sr\/januar-2024-vasa-referenca-za-poreske-vesti-u-srbiji\/\" \/>\n<meta property=\"og:site_name\" content=\"Coneo\" \/>\n<meta property=\"article:published_time\" content=\"2024-01-15T14:54:28+00:00\" \/>\n<meta property=\"article:modified_time\" content=\"2025-07-11T11:40:32+00:00\" \/>\n<meta property=\"og:image\" content=\"https:\/\/www.coneo.rs\/wp-content\/uploads\/2024\/01\/NL-january-24_web.png\" \/>\n<meta name=\"author\" content=\"admin\" \/>\n<meta name=\"twitter:card\" content=\"summary_large_image\" \/>\n<meta name=\"twitter:image\" content=\"https:\/\/www.coneo.rs\/wp-content\/uploads\/2024\/01\/NL-january-24_web.png\" \/>\n<meta name=\"twitter:label1\" content=\"\u041d\u0430\u043f\u0438\u0441\u0430\u043d\u043e \u043e\u0434\" \/>\n\t<meta name=\"twitter:data1\" content=\"admin\" \/>\n\t<meta name=\"twitter:label2\" content=\"\u041f\u0440\u043e\u0446\u0435\u045a\u0435\u043d\u043e \u0432\u0440\u0435\u043c\u0435 \u0447\u0438\u0442\u0430\u045a\u0430\" \/>\n\t<meta name=\"twitter:data2\" content=\"1 \u043c\u0438\u043d\u0443\u0442\" \/>\n<script type=\"application\/ld+json\" class=\"yoast-schema-graph\">{\"@context\":\"https:\\\/\\\/schema.org\",\"@graph\":[{\"@type\":\"Article\",\"@id\":\"https:\\\/\\\/coneo.rs\\\/sr\\\/januar-2024-vasa-referenca-za-poreske-vesti-u-srbiji\\\/#article\",\"isPartOf\":{\"@id\":\"https:\\\/\\\/coneo.rs\\\/sr\\\/januar-2024-vasa-referenca-za-poreske-vesti-u-srbiji\\\/\"},\"author\":{\"name\":\"admin\",\"@id\":\"https:\\\/\\\/coneo.rs\\\/sr\\\/#\\\/schema\\\/person\\\/960a6a5ba0a4b498439b7621801cb305\"},\"headline\":\"Januar 2024: Va\u0161a referenca za poreske vesti u Srbiji\",\"datePublished\":\"2024-01-15T14:54:28+00:00\",\"dateModified\":\"2025-07-11T11:40:32+00:00\",\"mainEntityOfPage\":{\"@id\":\"https:\\\/\\\/coneo.rs\\\/sr\\\/januar-2024-vasa-referenca-za-poreske-vesti-u-srbiji\\\/\"},\"wordCount\":74,\"image\":{\"@id\":\"https:\\\/\\\/coneo.rs\\\/sr\\\/januar-2024-vasa-referenca-za-poreske-vesti-u-srbiji\\\/#primaryimage\"},\"thumbnailUrl\":\"https:\\\/\\\/coneo.rs\\\/wp-content\\\/uploads\\\/2024\\\/01\\\/NL-january-24_web.png\",\"articleSection\":[\"Newsletter\"],\"inLanguage\":\"sr-RS\"},{\"@type\":\"WebPage\",\"@id\":\"https:\\\/\\\/coneo.rs\\\/sr\\\/januar-2024-vasa-referenca-za-poreske-vesti-u-srbiji\\\/\",\"url\":\"https:\\\/\\\/coneo.rs\\\/sr\\\/januar-2024-vasa-referenca-za-poreske-vesti-u-srbiji\\\/\",\"name\":\"Januar 2024: Va\u0161a referenca za poreske vesti u Srbiji - Coneo\",\"isPartOf\":{\"@id\":\"https:\\\/\\\/coneo.rs\\\/sr\\\/#website\"},\"primaryImageOfPage\":{\"@id\":\"https:\\\/\\\/coneo.rs\\\/sr\\\/januar-2024-vasa-referenca-za-poreske-vesti-u-srbiji\\\/#primaryimage\"},\"image\":{\"@id\":\"https:\\\/\\\/coneo.rs\\\/sr\\\/januar-2024-vasa-referenca-za-poreske-vesti-u-srbiji\\\/#primaryimage\"},\"thumbnailUrl\":\"https:\\\/\\\/coneo.rs\\\/wp-content\\\/uploads\\\/2024\\\/01\\\/NL-january-24_web.png\",\"datePublished\":\"2024-01-15T14:54:28+00:00\",\"dateModified\":\"2025-07-11T11:40:32+00:00\",\"author\":{\"@id\":\"https:\\\/\\\/coneo.rs\\\/sr\\\/#\\\/schema\\\/person\\\/960a6a5ba0a4b498439b7621801cb305\"},\"description\":\"CONFIDA Serbia's latest Newsletter edition for September provides a roundup of relevant tax regulations and tax developments in Serbia.\",\"breadcrumb\":{\"@id\":\"https:\\\/\\\/coneo.rs\\\/sr\\\/januar-2024-vasa-referenca-za-poreske-vesti-u-srbiji\\\/#breadcrumb\"},\"inLanguage\":\"sr-RS\",\"potentialAction\":[{\"@type\":\"ReadAction\",\"target\":[\"https:\\\/\\\/coneo.rs\\\/sr\\\/januar-2024-vasa-referenca-za-poreske-vesti-u-srbiji\\\/\"]}]},{\"@type\":\"ImageObject\",\"inLanguage\":\"sr-RS\",\"@id\":\"https:\\\/\\\/coneo.rs\\\/sr\\\/januar-2024-vasa-referenca-za-poreske-vesti-u-srbiji\\\/#primaryimage\",\"url\":\"https:\\\/\\\/coneo.rs\\\/wp-content\\\/uploads\\\/2024\\\/01\\\/NL-january-24_web.png\",\"contentUrl\":\"https:\\\/\\\/coneo.rs\\\/wp-content\\\/uploads\\\/2024\\\/01\\\/NL-january-24_web.png\",\"width\":1920,\"height\":1080},{\"@type\":\"BreadcrumbList\",\"@id\":\"https:\\\/\\\/coneo.rs\\\/sr\\\/januar-2024-vasa-referenca-za-poreske-vesti-u-srbiji\\\/#breadcrumb\",\"itemListElement\":[{\"@type\":\"ListItem\",\"position\":1,\"name\":\"Home\",\"item\":\"https:\\\/\\\/coneo.rs\\\/sr\\\/\"},{\"@type\":\"ListItem\",\"position\":2,\"name\":\"Januar 2024: Va\u0161a referenca za poreske vesti u Srbiji\"}]},{\"@type\":\"WebSite\",\"@id\":\"https:\\\/\\\/coneo.rs\\\/sr\\\/#website\",\"url\":\"https:\\\/\\\/coneo.rs\\\/sr\\\/\",\"name\":\"Coneo\",\"description\":\"Tax advice that pays off.\",\"potentialAction\":[{\"@type\":\"SearchAction\",\"target\":{\"@type\":\"EntryPoint\",\"urlTemplate\":\"https:\\\/\\\/coneo.rs\\\/sr\\\/?s={search_term_string}\"},\"query-input\":{\"@type\":\"PropertyValueSpecification\",\"valueRequired\":true,\"valueName\":\"search_term_string\"}}],\"inLanguage\":\"sr-RS\"},{\"@type\":\"Person\",\"@id\":\"https:\\\/\\\/coneo.rs\\\/sr\\\/#\\\/schema\\\/person\\\/960a6a5ba0a4b498439b7621801cb305\",\"name\":\"admin\",\"image\":{\"@type\":\"ImageObject\",\"inLanguage\":\"sr-RS\",\"@id\":\"https:\\\/\\\/secure.gravatar.com\\\/avatar\\\/4dd7324eb4b026eba0c6d21f44ed7bfb76a0c080fef0dc6808577519072df12a?s=96&d=mm&r=g\",\"url\":\"https:\\\/\\\/secure.gravatar.com\\\/avatar\\\/4dd7324eb4b026eba0c6d21f44ed7bfb76a0c080fef0dc6808577519072df12a?s=96&d=mm&r=g\",\"contentUrl\":\"https:\\\/\\\/secure.gravatar.com\\\/avatar\\\/4dd7324eb4b026eba0c6d21f44ed7bfb76a0c080fef0dc6808577519072df12a?s=96&d=mm&r=g\",\"caption\":\"admin\"},\"sameAs\":[\"https:\\\/\\\/coneo.rs\"],\"url\":\"https:\\\/\\\/coneo.rs\\\/sr\\\/author\\\/admin\\\/\"}]}<\/script>\n<!-- \/ Yoast SEO plugin. -->","yoast_head_json":{"title":"Januar 2024: Va\u0161a referenca za poreske vesti u Srbiji - Coneo","description":"CONFIDA Serbia's latest Newsletter edition for September provides a roundup of relevant tax regulations and tax developments in Serbia.","robots":{"index":"index","follow":"follow","max-snippet":"max-snippet:-1","max-image-preview":"max-image-preview:large","max-video-preview":"max-video-preview:-1"},"canonical":"https:\/\/coneo.rs\/sr\/januar-2024-vasa-referenca-za-poreske-vesti-u-srbiji\/","og_locale":"sr_RS","og_type":"article","og_title":"Januar 2024: Va\u0161a referenca za poreske vesti u Srbiji - Coneo","og_description":"CONFIDA Serbia's latest Newsletter edition for September provides a roundup of relevant tax regulations and tax developments in Serbia.","og_url":"https:\/\/coneo.rs\/sr\/januar-2024-vasa-referenca-za-poreske-vesti-u-srbiji\/","og_site_name":"Coneo","article_published_time":"2024-01-15T14:54:28+00:00","article_modified_time":"2025-07-11T11:40:32+00:00","og_image":[{"url":"https:\/\/www.coneo.rs\/wp-content\/uploads\/2024\/01\/NL-january-24_web.png","type":"","width":"","height":""}],"author":"admin","twitter_card":"summary_large_image","twitter_image":"https:\/\/www.coneo.rs\/wp-content\/uploads\/2024\/01\/NL-january-24_web.png","twitter_misc":{"\u041d\u0430\u043f\u0438\u0441\u0430\u043d\u043e \u043e\u0434":"admin","\u041f\u0440\u043e\u0446\u0435\u045a\u0435\u043d\u043e \u0432\u0440\u0435\u043c\u0435 \u0447\u0438\u0442\u0430\u045a\u0430":"1 \u043c\u0438\u043d\u0443\u0442"},"schema":{"@context":"https:\/\/schema.org","@graph":[{"@type":"Article","@id":"https:\/\/coneo.rs\/sr\/januar-2024-vasa-referenca-za-poreske-vesti-u-srbiji\/#article","isPartOf":{"@id":"https:\/\/coneo.rs\/sr\/januar-2024-vasa-referenca-za-poreske-vesti-u-srbiji\/"},"author":{"name":"admin","@id":"https:\/\/coneo.rs\/sr\/#\/schema\/person\/960a6a5ba0a4b498439b7621801cb305"},"headline":"Januar 2024: Va\u0161a referenca za poreske vesti u Srbiji","datePublished":"2024-01-15T14:54:28+00:00","dateModified":"2025-07-11T11:40:32+00:00","mainEntityOfPage":{"@id":"https:\/\/coneo.rs\/sr\/januar-2024-vasa-referenca-za-poreske-vesti-u-srbiji\/"},"wordCount":74,"image":{"@id":"https:\/\/coneo.rs\/sr\/januar-2024-vasa-referenca-za-poreske-vesti-u-srbiji\/#primaryimage"},"thumbnailUrl":"https:\/\/coneo.rs\/wp-content\/uploads\/2024\/01\/NL-january-24_web.png","articleSection":["Newsletter"],"inLanguage":"sr-RS"},{"@type":"WebPage","@id":"https:\/\/coneo.rs\/sr\/januar-2024-vasa-referenca-za-poreske-vesti-u-srbiji\/","url":"https:\/\/coneo.rs\/sr\/januar-2024-vasa-referenca-za-poreske-vesti-u-srbiji\/","name":"Januar 2024: Va\u0161a referenca za poreske vesti u Srbiji - Coneo","isPartOf":{"@id":"https:\/\/coneo.rs\/sr\/#website"},"primaryImageOfPage":{"@id":"https:\/\/coneo.rs\/sr\/januar-2024-vasa-referenca-za-poreske-vesti-u-srbiji\/#primaryimage"},"image":{"@id":"https:\/\/coneo.rs\/sr\/januar-2024-vasa-referenca-za-poreske-vesti-u-srbiji\/#primaryimage"},"thumbnailUrl":"https:\/\/coneo.rs\/wp-content\/uploads\/2024\/01\/NL-january-24_web.png","datePublished":"2024-01-15T14:54:28+00:00","dateModified":"2025-07-11T11:40:32+00:00","author":{"@id":"https:\/\/coneo.rs\/sr\/#\/schema\/person\/960a6a5ba0a4b498439b7621801cb305"},"description":"CONFIDA Serbia's latest Newsletter edition for September provides a roundup of relevant tax regulations and tax developments in Serbia.","breadcrumb":{"@id":"https:\/\/coneo.rs\/sr\/januar-2024-vasa-referenca-za-poreske-vesti-u-srbiji\/#breadcrumb"},"inLanguage":"sr-RS","potentialAction":[{"@type":"ReadAction","target":["https:\/\/coneo.rs\/sr\/januar-2024-vasa-referenca-za-poreske-vesti-u-srbiji\/"]}]},{"@type":"ImageObject","inLanguage":"sr-RS","@id":"https:\/\/coneo.rs\/sr\/januar-2024-vasa-referenca-za-poreske-vesti-u-srbiji\/#primaryimage","url":"https:\/\/coneo.rs\/wp-content\/uploads\/2024\/01\/NL-january-24_web.png","contentUrl":"https:\/\/coneo.rs\/wp-content\/uploads\/2024\/01\/NL-january-24_web.png","width":1920,"height":1080},{"@type":"BreadcrumbList","@id":"https:\/\/coneo.rs\/sr\/januar-2024-vasa-referenca-za-poreske-vesti-u-srbiji\/#breadcrumb","itemListElement":[{"@type":"ListItem","position":1,"name":"Home","item":"https:\/\/coneo.rs\/sr\/"},{"@type":"ListItem","position":2,"name":"Januar 2024: Va\u0161a referenca za poreske vesti u Srbiji"}]},{"@type":"WebSite","@id":"https:\/\/coneo.rs\/sr\/#website","url":"https:\/\/coneo.rs\/sr\/","name":"Coneo","description":"Tax advice that pays off.","potentialAction":[{"@type":"SearchAction","target":{"@type":"EntryPoint","urlTemplate":"https:\/\/coneo.rs\/sr\/?s={search_term_string}"},"query-input":{"@type":"PropertyValueSpecification","valueRequired":true,"valueName":"search_term_string"}}],"inLanguage":"sr-RS"},{"@type":"Person","@id":"https:\/\/coneo.rs\/sr\/#\/schema\/person\/960a6a5ba0a4b498439b7621801cb305","name":"admin","image":{"@type":"ImageObject","inLanguage":"sr-RS","@id":"https:\/\/secure.gravatar.com\/avatar\/4dd7324eb4b026eba0c6d21f44ed7bfb76a0c080fef0dc6808577519072df12a?s=96&d=mm&r=g","url":"https:\/\/secure.gravatar.com\/avatar\/4dd7324eb4b026eba0c6d21f44ed7bfb76a0c080fef0dc6808577519072df12a?s=96&d=mm&r=g","contentUrl":"https:\/\/secure.gravatar.com\/avatar\/4dd7324eb4b026eba0c6d21f44ed7bfb76a0c080fef0dc6808577519072df12a?s=96&d=mm&r=g","caption":"admin"},"sameAs":["https:\/\/coneo.rs"],"url":"https:\/\/coneo.rs\/sr\/author\/admin\/"}]}},"_links":{"self":[{"href":"https:\/\/coneo.rs\/sr\/wp-json\/wp\/v2\/posts\/14995","targetHints":{"allow":["GET"]}}],"collection":[{"href":"https:\/\/coneo.rs\/sr\/wp-json\/wp\/v2\/posts"}],"about":[{"href":"https:\/\/coneo.rs\/sr\/wp-json\/wp\/v2\/types\/post"}],"author":[{"embeddable":true,"href":"https:\/\/coneo.rs\/sr\/wp-json\/wp\/v2\/users\/1"}],"replies":[{"embeddable":true,"href":"https:\/\/coneo.rs\/sr\/wp-json\/wp\/v2\/comments?post=14995"}],"version-history":[{"count":3,"href":"https:\/\/coneo.rs\/sr\/wp-json\/wp\/v2\/posts\/14995\/revisions"}],"predecessor-version":[{"id":15029,"href":"https:\/\/coneo.rs\/sr\/wp-json\/wp\/v2\/posts\/14995\/revisions\/15029"}],"wp:featuredmedia":[{"embeddable":true,"href":"https:\/\/coneo.rs\/sr\/wp-json\/wp\/v2\/media\/11947"}],"wp:attachment":[{"href":"https:\/\/coneo.rs\/sr\/wp-json\/wp\/v2\/media?parent=14995"}],"wp:term":[{"taxonomy":"category","embeddable":true,"href":"https:\/\/coneo.rs\/sr\/wp-json\/wp\/v2\/categories?post=14995"},{"taxonomy":"post_tag","embeddable":true,"href":"https:\/\/coneo.rs\/sr\/wp-json\/wp\/v2\/tags?post=14995"}],"curies":[{"name":"wp","href":"https:\/\/api.w.org\/{rel}","templated":true}]}}