{"id":14990,"date":"2024-02-07T14:45:59","date_gmt":"2024-02-07T14:45:59","guid":{"rendered":"https:\/\/coneo.rs\/blog\/uncategorized-sr\/rok-za-podnosenje-pdv-prijava-pppdv\/"},"modified":"2024-02-07T14:45:59","modified_gmt":"2024-02-07T14:45:59","slug":"rok-za-podnosenje-pdv-prijava-pppdv","status":"publish","type":"post","link":"https:\/\/coneo.rs\/sr\/rok-za-podnosenje-pdv-prijava-pppdv\/","title":{"rendered":"Rok za podno\u0161enje PDV prijava (PPPDV)"},"content":{"rendered":"<p><span lang=\"HR\">Od <strong>1. januara 2024.<\/strong> godine, poreski obveznici \u0107e morati da evidentiraju PDV u <strong>sistemu elektronskih faktura (SEF)<\/strong> u zbirnoj ili pojedina\u010dnoj evidenciji, u roku od 10 dana po isteku poreskog perioda. Poreski period mo\u017ee biti mese\u010dni ili tromese\u010dni, u zavisnosti od visine prometa obveznika.  <\/span><\/p>\n<p><span lang=\"HR\">Ukoliko je potrebno izvr\u0161iti korekcije obra\u010duna PDV-a, to \u0107e biti mogu\u0107e u\u010diniti u SEF-u do 15. dana u teku\u0107em mesecu za prethodni mesec, kada se i podnosi poreska prijava za porez na dodatu vrednost. Rok za podno\u0161enje poreske prijave PDV ostaje nepromenjen i iznosi 15 dana od zavr\u0161etka poreskog perioda. Me\u0111utim, rok za evidentiranje PDV u SEF-u je skra\u0107en na 10 dana od zavr\u0161etka poreskog perioda, kako bi se omogu\u0107ila bolja kontrola i transparentnost poreskog sistema.  <\/span><\/p>\n<p><span lang=\"HR\">U slu\u010daju kada lice propusti da elektronski evidentira obra\u010dun PDV-a u skladu sa Zakonom o elektronskom fakturisanju, propisuje se nov\u010dana kazna u iznosu od 200.000 do 2.000.000 dinara pravnim licima \u2013 subjektu privatnog sektora, odnosno javnom preduze\u0107u, za preduzetnike je propisana nov\u010dana kazna u iznosu od <strong>50.000<\/strong> do <strong>500.000 <\/strong>dinara, dok je propisana nov\u010dana kazna za odgovorno lice pravnog lica \u2013 subjekta privatnog sektora, odnosno javnog preduze\u0107a u iznosu od <strong>50.000 <\/strong>do <strong>150.000 dinara<\/strong>.   <\/span><\/p>\n","protected":false},"excerpt":{"rendered":"<p>Od 1. januara 2024. godine, poreski obveznici \u0107e morati da evidentiraju PDV u sistemu elektronskih faktura (SEF) u zbirnoj ili pojedina\u010dnoj evidenciji, u roku od 10 dana po isteku poreskog perioda. Poreski period mo\u017ee biti mese\u010dni ili tromese\u010dni, u zavisnosti od visine prometa obveznika. Ukoliko je potrebno izvr\u0161iti korekcije obra\u010duna PDV-a, to \u0107e biti mogu\u0107e [&hellip;]<\/p>\n","protected":false},"author":1,"featured_media":11955,"comment_status":"closed","ping_status":"closed","sticky":false,"template":"","format":"standard","meta":{"_eb_attr":"","footnotes":""},"categories":[115,119],"tags":[],"class_list":["post-14990","post","type-post","status-publish","format-standard","has-post-thumbnail","hentry","category-governments-sr","category-taxes-sr"],"yoast_head":"<!-- This site is optimized with the Yoast SEO plugin v27.5 - https:\/\/yoast.com\/product\/yoast-seo-wordpress\/ -->\n<title>Rok za podno\u0161enje PDV prijava (PPPDV) - Coneo<\/title>\n<meta name=\"description\" content=\"Starting from January 1, 2024, all taxpayers who are subject to value-added tax (VAT) must use the Electronic Invoicing System (SEF).\" \/>\n<meta name=\"robots\" content=\"index, follow, max-snippet:-1, max-image-preview:large, max-video-preview:-1\" \/>\n<link rel=\"canonical\" href=\"https:\/\/coneo.rs\/sr\/rok-za-podnosenje-pdv-prijava-pppdv\/\" \/>\n<meta property=\"og:locale\" content=\"sr_RS\" \/>\n<meta property=\"og:type\" content=\"article\" \/>\n<meta property=\"og:title\" content=\"Rok za podno\u0161enje PDV prijava (PPPDV) - Coneo\" \/>\n<meta property=\"og:description\" content=\"Starting from January 1, 2024, all taxpayers who are subject to value-added tax (VAT) must use the Electronic Invoicing System (SEF).\" \/>\n<meta property=\"og:url\" content=\"https:\/\/coneo.rs\/sr\/rok-za-podnosenje-pdv-prijava-pppdv\/\" \/>\n<meta property=\"og:site_name\" content=\"Coneo\" \/>\n<meta property=\"article:published_time\" content=\"2024-02-07T14:45:59+00:00\" \/>\n<meta property=\"og:image\" content=\"https:\/\/www.coneo.rs\/wp-content\/uploads\/2024\/02\/Rok-za-podnos\u030cenje-PPPDV_web.png\" \/>\n<meta name=\"author\" content=\"admin\" \/>\n<meta name=\"twitter:card\" content=\"summary_large_image\" \/>\n<meta name=\"twitter:image\" content=\"https:\/\/www.coneo.rs\/wp-content\/uploads\/2024\/02\/Rok-za-podnos\u030cenje-PPPDV_web.png\" \/>\n<meta name=\"twitter:label1\" content=\"\u041d\u0430\u043f\u0438\u0441\u0430\u043d\u043e \u043e\u0434\" \/>\n\t<meta name=\"twitter:data1\" content=\"admin\" \/>\n\t<meta name=\"twitter:label2\" content=\"\u041f\u0440\u043e\u0446\u0435\u045a\u0435\u043d\u043e \u0432\u0440\u0435\u043c\u0435 \u0447\u0438\u0442\u0430\u045a\u0430\" \/>\n\t<meta name=\"twitter:data2\" content=\"1 \u043c\u0438\u043d\u0443\u0442\" \/>\n<script type=\"application\/ld+json\" class=\"yoast-schema-graph\">{\"@context\":\"https:\\\/\\\/schema.org\",\"@graph\":[{\"@type\":\"Article\",\"@id\":\"https:\\\/\\\/coneo.rs\\\/sr\\\/rok-za-podnosenje-pdv-prijava-pppdv\\\/#article\",\"isPartOf\":{\"@id\":\"https:\\\/\\\/coneo.rs\\\/sr\\\/rok-za-podnosenje-pdv-prijava-pppdv\\\/\"},\"author\":{\"name\":\"admin\",\"@id\":\"https:\\\/\\\/coneo.rs\\\/sr\\\/#\\\/schema\\\/person\\\/960a6a5ba0a4b498439b7621801cb305\"},\"headline\":\"Rok za podno\u0161enje PDV prijava (PPPDV)\",\"datePublished\":\"2024-02-07T14:45:59+00:00\",\"mainEntityOfPage\":{\"@id\":\"https:\\\/\\\/coneo.rs\\\/sr\\\/rok-za-podnosenje-pdv-prijava-pppdv\\\/\"},\"wordCount\":209,\"image\":{\"@id\":\"https:\\\/\\\/coneo.rs\\\/sr\\\/rok-za-podnosenje-pdv-prijava-pppdv\\\/#primaryimage\"},\"thumbnailUrl\":\"https:\\\/\\\/coneo.rs\\\/wp-content\\\/uploads\\\/2024\\\/02\\\/Rok-za-podnosenje-PPPDV_web-scaled.png\",\"articleSection\":[\"Governments\",\"Taxes\"],\"inLanguage\":\"sr-RS\"},{\"@type\":\"WebPage\",\"@id\":\"https:\\\/\\\/coneo.rs\\\/sr\\\/rok-za-podnosenje-pdv-prijava-pppdv\\\/\",\"url\":\"https:\\\/\\\/coneo.rs\\\/sr\\\/rok-za-podnosenje-pdv-prijava-pppdv\\\/\",\"name\":\"Rok za podno\u0161enje PDV prijava (PPPDV) - Coneo\",\"isPartOf\":{\"@id\":\"https:\\\/\\\/coneo.rs\\\/sr\\\/#website\"},\"primaryImageOfPage\":{\"@id\":\"https:\\\/\\\/coneo.rs\\\/sr\\\/rok-za-podnosenje-pdv-prijava-pppdv\\\/#primaryimage\"},\"image\":{\"@id\":\"https:\\\/\\\/coneo.rs\\\/sr\\\/rok-za-podnosenje-pdv-prijava-pppdv\\\/#primaryimage\"},\"thumbnailUrl\":\"https:\\\/\\\/coneo.rs\\\/wp-content\\\/uploads\\\/2024\\\/02\\\/Rok-za-podnosenje-PPPDV_web-scaled.png\",\"datePublished\":\"2024-02-07T14:45:59+00:00\",\"author\":{\"@id\":\"https:\\\/\\\/coneo.rs\\\/sr\\\/#\\\/schema\\\/person\\\/960a6a5ba0a4b498439b7621801cb305\"},\"description\":\"Starting from January 1, 2024, all taxpayers who are subject to value-added tax (VAT) must use the Electronic Invoicing System (SEF).\",\"breadcrumb\":{\"@id\":\"https:\\\/\\\/coneo.rs\\\/sr\\\/rok-za-podnosenje-pdv-prijava-pppdv\\\/#breadcrumb\"},\"inLanguage\":\"sr-RS\",\"potentialAction\":[{\"@type\":\"ReadAction\",\"target\":[\"https:\\\/\\\/coneo.rs\\\/sr\\\/rok-za-podnosenje-pdv-prijava-pppdv\\\/\"]}]},{\"@type\":\"ImageObject\",\"inLanguage\":\"sr-RS\",\"@id\":\"https:\\\/\\\/coneo.rs\\\/sr\\\/rok-za-podnosenje-pdv-prijava-pppdv\\\/#primaryimage\",\"url\":\"https:\\\/\\\/coneo.rs\\\/wp-content\\\/uploads\\\/2024\\\/02\\\/Rok-za-podnosenje-PPPDV_web-scaled.png\",\"contentUrl\":\"https:\\\/\\\/coneo.rs\\\/wp-content\\\/uploads\\\/2024\\\/02\\\/Rok-za-podnosenje-PPPDV_web-scaled.png\",\"width\":2560,\"height\":1440},{\"@type\":\"BreadcrumbList\",\"@id\":\"https:\\\/\\\/coneo.rs\\\/sr\\\/rok-za-podnosenje-pdv-prijava-pppdv\\\/#breadcrumb\",\"itemListElement\":[{\"@type\":\"ListItem\",\"position\":1,\"name\":\"Home\",\"item\":\"https:\\\/\\\/coneo.rs\\\/sr\\\/\"},{\"@type\":\"ListItem\",\"position\":2,\"name\":\"Rok za podno\u0161enje PDV prijava (PPPDV)\"}]},{\"@type\":\"WebSite\",\"@id\":\"https:\\\/\\\/coneo.rs\\\/sr\\\/#website\",\"url\":\"https:\\\/\\\/coneo.rs\\\/sr\\\/\",\"name\":\"Coneo\",\"description\":\"Tax advice that pays off.\",\"potentialAction\":[{\"@type\":\"SearchAction\",\"target\":{\"@type\":\"EntryPoint\",\"urlTemplate\":\"https:\\\/\\\/coneo.rs\\\/sr\\\/?s={search_term_string}\"},\"query-input\":{\"@type\":\"PropertyValueSpecification\",\"valueRequired\":true,\"valueName\":\"search_term_string\"}}],\"inLanguage\":\"sr-RS\"},{\"@type\":\"Person\",\"@id\":\"https:\\\/\\\/coneo.rs\\\/sr\\\/#\\\/schema\\\/person\\\/960a6a5ba0a4b498439b7621801cb305\",\"name\":\"admin\",\"image\":{\"@type\":\"ImageObject\",\"inLanguage\":\"sr-RS\",\"@id\":\"https:\\\/\\\/secure.gravatar.com\\\/avatar\\\/4dd7324eb4b026eba0c6d21f44ed7bfb76a0c080fef0dc6808577519072df12a?s=96&d=mm&r=g\",\"url\":\"https:\\\/\\\/secure.gravatar.com\\\/avatar\\\/4dd7324eb4b026eba0c6d21f44ed7bfb76a0c080fef0dc6808577519072df12a?s=96&d=mm&r=g\",\"contentUrl\":\"https:\\\/\\\/secure.gravatar.com\\\/avatar\\\/4dd7324eb4b026eba0c6d21f44ed7bfb76a0c080fef0dc6808577519072df12a?s=96&d=mm&r=g\",\"caption\":\"admin\"},\"sameAs\":[\"https:\\\/\\\/coneo.rs\"],\"url\":\"https:\\\/\\\/coneo.rs\\\/sr\\\/author\\\/admin\\\/\"}]}<\/script>\n<!-- \/ Yoast SEO plugin. -->","yoast_head_json":{"title":"Rok za podno\u0161enje PDV prijava (PPPDV) - Coneo","description":"Starting from January 1, 2024, all taxpayers who are subject to value-added tax (VAT) must use the Electronic Invoicing System (SEF).","robots":{"index":"index","follow":"follow","max-snippet":"max-snippet:-1","max-image-preview":"max-image-preview:large","max-video-preview":"max-video-preview:-1"},"canonical":"https:\/\/coneo.rs\/sr\/rok-za-podnosenje-pdv-prijava-pppdv\/","og_locale":"sr_RS","og_type":"article","og_title":"Rok za podno\u0161enje PDV prijava (PPPDV) - Coneo","og_description":"Starting from January 1, 2024, all taxpayers who are subject to value-added tax (VAT) must use the Electronic Invoicing System (SEF).","og_url":"https:\/\/coneo.rs\/sr\/rok-za-podnosenje-pdv-prijava-pppdv\/","og_site_name":"Coneo","article_published_time":"2024-02-07T14:45:59+00:00","og_image":[{"url":"https:\/\/www.coneo.rs\/wp-content\/uploads\/2024\/02\/Rok-za-podnos\u030cenje-PPPDV_web.png","type":"","width":"","height":""}],"author":"admin","twitter_card":"summary_large_image","twitter_image":"https:\/\/www.coneo.rs\/wp-content\/uploads\/2024\/02\/Rok-za-podnos\u030cenje-PPPDV_web.png","twitter_misc":{"\u041d\u0430\u043f\u0438\u0441\u0430\u043d\u043e \u043e\u0434":"admin","\u041f\u0440\u043e\u0446\u0435\u045a\u0435\u043d\u043e \u0432\u0440\u0435\u043c\u0435 \u0447\u0438\u0442\u0430\u045a\u0430":"1 \u043c\u0438\u043d\u0443\u0442"},"schema":{"@context":"https:\/\/schema.org","@graph":[{"@type":"Article","@id":"https:\/\/coneo.rs\/sr\/rok-za-podnosenje-pdv-prijava-pppdv\/#article","isPartOf":{"@id":"https:\/\/coneo.rs\/sr\/rok-za-podnosenje-pdv-prijava-pppdv\/"},"author":{"name":"admin","@id":"https:\/\/coneo.rs\/sr\/#\/schema\/person\/960a6a5ba0a4b498439b7621801cb305"},"headline":"Rok za podno\u0161enje PDV prijava (PPPDV)","datePublished":"2024-02-07T14:45:59+00:00","mainEntityOfPage":{"@id":"https:\/\/coneo.rs\/sr\/rok-za-podnosenje-pdv-prijava-pppdv\/"},"wordCount":209,"image":{"@id":"https:\/\/coneo.rs\/sr\/rok-za-podnosenje-pdv-prijava-pppdv\/#primaryimage"},"thumbnailUrl":"https:\/\/coneo.rs\/wp-content\/uploads\/2024\/02\/Rok-za-podnosenje-PPPDV_web-scaled.png","articleSection":["Governments","Taxes"],"inLanguage":"sr-RS"},{"@type":"WebPage","@id":"https:\/\/coneo.rs\/sr\/rok-za-podnosenje-pdv-prijava-pppdv\/","url":"https:\/\/coneo.rs\/sr\/rok-za-podnosenje-pdv-prijava-pppdv\/","name":"Rok za podno\u0161enje PDV prijava (PPPDV) - Coneo","isPartOf":{"@id":"https:\/\/coneo.rs\/sr\/#website"},"primaryImageOfPage":{"@id":"https:\/\/coneo.rs\/sr\/rok-za-podnosenje-pdv-prijava-pppdv\/#primaryimage"},"image":{"@id":"https:\/\/coneo.rs\/sr\/rok-za-podnosenje-pdv-prijava-pppdv\/#primaryimage"},"thumbnailUrl":"https:\/\/coneo.rs\/wp-content\/uploads\/2024\/02\/Rok-za-podnosenje-PPPDV_web-scaled.png","datePublished":"2024-02-07T14:45:59+00:00","author":{"@id":"https:\/\/coneo.rs\/sr\/#\/schema\/person\/960a6a5ba0a4b498439b7621801cb305"},"description":"Starting from January 1, 2024, all taxpayers who are subject to value-added tax (VAT) must use the Electronic Invoicing System (SEF).","breadcrumb":{"@id":"https:\/\/coneo.rs\/sr\/rok-za-podnosenje-pdv-prijava-pppdv\/#breadcrumb"},"inLanguage":"sr-RS","potentialAction":[{"@type":"ReadAction","target":["https:\/\/coneo.rs\/sr\/rok-za-podnosenje-pdv-prijava-pppdv\/"]}]},{"@type":"ImageObject","inLanguage":"sr-RS","@id":"https:\/\/coneo.rs\/sr\/rok-za-podnosenje-pdv-prijava-pppdv\/#primaryimage","url":"https:\/\/coneo.rs\/wp-content\/uploads\/2024\/02\/Rok-za-podnosenje-PPPDV_web-scaled.png","contentUrl":"https:\/\/coneo.rs\/wp-content\/uploads\/2024\/02\/Rok-za-podnosenje-PPPDV_web-scaled.png","width":2560,"height":1440},{"@type":"BreadcrumbList","@id":"https:\/\/coneo.rs\/sr\/rok-za-podnosenje-pdv-prijava-pppdv\/#breadcrumb","itemListElement":[{"@type":"ListItem","position":1,"name":"Home","item":"https:\/\/coneo.rs\/sr\/"},{"@type":"ListItem","position":2,"name":"Rok za podno\u0161enje PDV prijava (PPPDV)"}]},{"@type":"WebSite","@id":"https:\/\/coneo.rs\/sr\/#website","url":"https:\/\/coneo.rs\/sr\/","name":"Coneo","description":"Tax advice that pays off.","potentialAction":[{"@type":"SearchAction","target":{"@type":"EntryPoint","urlTemplate":"https:\/\/coneo.rs\/sr\/?s={search_term_string}"},"query-input":{"@type":"PropertyValueSpecification","valueRequired":true,"valueName":"search_term_string"}}],"inLanguage":"sr-RS"},{"@type":"Person","@id":"https:\/\/coneo.rs\/sr\/#\/schema\/person\/960a6a5ba0a4b498439b7621801cb305","name":"admin","image":{"@type":"ImageObject","inLanguage":"sr-RS","@id":"https:\/\/secure.gravatar.com\/avatar\/4dd7324eb4b026eba0c6d21f44ed7bfb76a0c080fef0dc6808577519072df12a?s=96&d=mm&r=g","url":"https:\/\/secure.gravatar.com\/avatar\/4dd7324eb4b026eba0c6d21f44ed7bfb76a0c080fef0dc6808577519072df12a?s=96&d=mm&r=g","contentUrl":"https:\/\/secure.gravatar.com\/avatar\/4dd7324eb4b026eba0c6d21f44ed7bfb76a0c080fef0dc6808577519072df12a?s=96&d=mm&r=g","caption":"admin"},"sameAs":["https:\/\/coneo.rs"],"url":"https:\/\/coneo.rs\/sr\/author\/admin\/"}]}},"_links":{"self":[{"href":"https:\/\/coneo.rs\/sr\/wp-json\/wp\/v2\/posts\/14990","targetHints":{"allow":["GET"]}}],"collection":[{"href":"https:\/\/coneo.rs\/sr\/wp-json\/wp\/v2\/posts"}],"about":[{"href":"https:\/\/coneo.rs\/sr\/wp-json\/wp\/v2\/types\/post"}],"author":[{"embeddable":true,"href":"https:\/\/coneo.rs\/sr\/wp-json\/wp\/v2\/users\/1"}],"replies":[{"embeddable":true,"href":"https:\/\/coneo.rs\/sr\/wp-json\/wp\/v2\/comments?post=14990"}],"version-history":[{"count":0,"href":"https:\/\/coneo.rs\/sr\/wp-json\/wp\/v2\/posts\/14990\/revisions"}],"wp:featuredmedia":[{"embeddable":true,"href":"https:\/\/coneo.rs\/sr\/wp-json\/wp\/v2\/media\/11955"}],"wp:attachment":[{"href":"https:\/\/coneo.rs\/sr\/wp-json\/wp\/v2\/media?parent=14990"}],"wp:term":[{"taxonomy":"category","embeddable":true,"href":"https:\/\/coneo.rs\/sr\/wp-json\/wp\/v2\/categories?post=14990"},{"taxonomy":"post_tag","embeddable":true,"href":"https:\/\/coneo.rs\/sr\/wp-json\/wp\/v2\/tags?post=14990"}],"curies":[{"name":"wp","href":"https:\/\/api.w.org\/{rel}","templated":true}]}}